{"id":4822,"date":"2026-09-01T14:58:16","date_gmt":"2026-09-01T12:58:16","guid":{"rendered":"https:\/\/schulcampus.altlandsberg.de\/?p=4822"},"modified":"2026-09-01T14:58:47","modified_gmt":"2026-09-01T12:58:47","slug":"europatag-der-schulstationen-oder-red-ink-contest","status":"publish","type":"post","link":"https:\/\/schulcampus.altlandsberg.de\/index.php\/2026\/09\/01\/europatag-der-schulstationen-oder-red-ink-contest\/","title":{"rendered":"Europatag der Schulstationen oder Red Ink Contest"},"content":{"rendered":"\n<p class=\"wp-block-paragraph\">Am 5.5.2026 war es soweit. Wir, die AG Amateurfunk des Schulcampus Altlandsberg, trafen uns im Funkraum, der sonst als Biologieraum fungiert, aber heute der AG exklusiv zur Verf\u00fcgung gestellt wurde. Unser Team der AG Chef S.Kunze, S. Vandrey ein Lehrer der Schule und 3 Sch\u00fclerinnen und Sch\u00fcler der 7. Klasse.<\/p>\n\n\n\n<p class=\"wp-block-paragraph\">Zuerst besprachen wir alle Besonderheiten des Aktivit\u00e4tstages. Anschlie\u00dfend \u00fcbten die Kids nochmal den Ablauf einer Verbindung, im Amateurfunkkontext OSQ genannt im trockenen. Gleichzeitig wurde das Ausf\u00fcllen des Logbuch mit den speziellen Anforderungen des Europatages ge\u00fcbt und das Schreiben einer Best\u00e4tigungskarte. (OSL-Karte)<\/p>\n\n\n\n<p class=\"wp-block-paragraph\">Anschlie\u00dfend ging es mit Handfunkger\u00e4ten quer durch das Schulhaus und Schulgel\u00e4nde um live ein reale Gespr\u00e4che zu \u00fcben.<\/p>\n\n\n\n<p class=\"wp-block-paragraph\">Im N\u00e4chsten Teil waren die Kids mit realer Stationstechnik und extra montierter gro\u00dfer Au\u00dfenantenne auf 2m im UKW Bereich unterwegs. Es wurde zuerst die Anruffrequenz unseres Ortsverbandes Strausberg benutzt. Einige Mitglieder warteten schon auf die jungen Teilnehmer und so kamen die erste Verbindungen ins Logbuch. Der Punktestand stieg langsam an.<\/p>\n\n\n\n<p class=\"wp-block-paragraph\">In der letzten Phase konnten wir noch einige zuf\u00e4llige Verbindungen mit Berlinern Funkamateuren ins Logbuch bekommen. Obwohl die Kids erst in der 7. Klasse waren und erst kurz am Ausbildungsunterricht teilnehmen konnten, wurde von vielen erfahrenden Funkamateuren die hohe Qualit\u00e4t des Ausbildungsstandes gelobt.<\/p>\n\n\n\n<p class=\"wp-block-paragraph\">Zum Ende des Tages standen zahlreiche Verbindungen im Logbuch. Die europaweite Auswertung ergab, dass wir uns den elften Platz in der Gesamtwertung erk\u00e4mpft hatten. Platz 2 ging beispielsweise an die Azoren (Portugal).<\/p>\n\n\n\n<p class=\"wp-block-paragraph\">Abschlie\u00dfend l\u00e4sst sich feststellen, dass wir mit unserem Schulrufzeichen DL0ALT wahrscheinlich die einzige Schule in Berlin \/ Brandenburg waren , die daran teilgenommen hat. Die anderen Schulen waren fast ausschlie\u00dflich Gymnasien oder sogar Fachhochschulen oder Universit\u00e4ten. Das stellt unsere Leistung noch mal besonders da.<\/p>\n\n\n\n<p class=\"wp-block-paragraph\">F\u00fcr das n\u00e4chste Jahr wollen wir wieder teilnehmen und hoffen auf viele neue Sch\u00fclerinnen und Sch\u00fcler aus allen Klassen.<\/p>\n\n\n\n<p class=\"wp-block-paragraph\">Obwohl es eine Technische Sportart ist, m\u00f6chten wir besonders M\u00e4dchen einladen bei uns mitzumachen.<\/p>\n\n\n\n<p class=\"wp-block-paragraph\">Rechtlich braucht man zur Teilnahme am Amateurfunkdienst nat\u00fcrlich eine Lizenz, wie der F\u00fchrerschein. F\u00fcr diesen Aktivit\u00e4tstag und die Ausbildung gilt, das jeder lizenzierte Funkamateur einen Ausbilder machen darf. Dadurch darf jeder Jugendliche sofort in diesem Rahmen funken. Nat\u00fcrlich w\u00fcrden wir gerne alle interessierten Jugendlichen zur Pr\u00fcfung und danach auch noch begleiten und tatkr\u00e4ftig unterst\u00fctzen. F\u00fcr die ersten Jugendlichen, die die Pr\u00fcfung schaffen, bekommen ein eigenes Funkger\u00e4t vom Ortsverband geschenkt. Wir freuen uns auf zahlreiche neue interessierte Jugendliche.<\/p>\n\n\n\n<p class=\"wp-block-paragraph\">S. Vandrey<\/p>\n\n\n\n<p class=\"wp-block-paragraph\">Amateurfunk AG<\/p>\n","protected":false},"excerpt":{"rendered":"<p>Am 5.5.2026 war es soweit. Wir, die AG Amateurfunk des Schulcampus Altlandsberg, trafen uns im Funkraum, der sonst als Biologieraum fungiert, aber heute der AG exklusiv zur Verf\u00fcgung gestellt wurde. Unser Team der AG Chef S.Kunze, S. Vandrey ein Lehrer der Schule und 3 Sch\u00fclerinnen und Sch\u00fcler der 7. Klasse. Zuerst besprachen wir alle Besonderheiten &#8230; <a title=\"Europatag der Schulstationen oder Red Ink Contest\" class=\"read-more\" href=\"https:\/\/schulcampus.altlandsberg.de\/index.php\/2026\/09\/01\/europatag-der-schulstationen-oder-red-ink-contest\/\" aria-label=\"Mehr Informationen \u00fcber Europatag der Schulstationen oder Red Ink Contest\">Weiterlesen &#8230;<\/a><\/p>\n","protected":false},"author":2,"featured_media":4823,"comment_status":"closed","ping_status":"closed","sticky":false,"template":"","format":"standard","meta":{"footnotes":""},"categories":[1],"tags":[],"class_list":["post-4822","post","type-post","status-publish","format-standard","has-post-thumbnail","hentry","category-allgemein","generate-columns","tablet-grid-50","mobile-grid-100","grid-parent","grid-33"],"yoast_head":"<!-- This site is optimized with the Yoast SEO plugin v28.3 - https:\/\/yoast.com\/product\/yoast-seo-wordpress\/ -->\n<title>Europatag der Schulstationen oder Red Ink Contest - Schulcampus Altlandsberg<\/title>\n<meta name=\"robots\" content=\"index, follow, max-snippet:-1, max-image-preview:large, max-video-preview:-1\" \/>\n<link rel=\"canonical\" href=\"https:\/\/schulcampus.altlandsberg.de\/index.php\/2026\/09\/01\/europatag-der-schulstationen-oder-red-ink-contest\/\" \/>\n<meta property=\"og:locale\" content=\"de_DE\" \/>\n<meta property=\"og:type\" content=\"article\" \/>\n<meta property=\"og:title\" content=\"Europatag der Schulstationen oder Red Ink Contest - Schulcampus Altlandsberg\" \/>\n<meta property=\"og:description\" content=\"Am 5.5.2026 war es soweit. Wir, die AG Amateurfunk des Schulcampus Altlandsberg, trafen uns im Funkraum, der sonst als Biologieraum fungiert, aber heute der AG exklusiv zur Verf\u00fcgung gestellt wurde. Unser Team der AG Chef S.Kunze, S. Vandrey ein Lehrer der Schule und 3 Sch\u00fclerinnen und Sch\u00fcler der 7. Klasse. Zuerst besprachen wir alle Besonderheiten ... Weiterlesen ...\" \/>\n<meta property=\"og:url\" content=\"https:\/\/schulcampus.altlandsberg.de\/index.php\/2026\/09\/01\/europatag-der-schulstationen-oder-red-ink-contest\/\" \/>\n<meta property=\"og:site_name\" content=\"Schulcampus Altlandsberg\" \/>\n<meta property=\"article:published_time\" content=\"2026-09-01T12:58:16+00:00\" \/>\n<meta property=\"article:modified_time\" content=\"2026-09-01T12:58:47+00:00\" \/>\n<meta property=\"og:image\" content=\"https:\/\/schulcampus.altlandsberg.de\/wp-content\/uploads\/2026\/09\/20260901_113312.jpg\" \/>\n\t<meta property=\"og:image:width\" content=\"1938\" \/>\n\t<meta property=\"og:image:height\" content=\"1462\" \/>\n\t<meta property=\"og:image:type\" content=\"image\/jpeg\" \/>\n<meta name=\"author\" content=\"Nannette Prinz\" \/>\n<meta name=\"twitter:card\" content=\"summary_large_image\" \/>\n<meta name=\"twitter:label1\" content=\"Verfasst von\" \/>\n\t<meta name=\"twitter:data1\" content=\"Nannette Prinz\" \/>\n\t<meta name=\"twitter:label2\" content=\"Gesch\u00e4tzte Lesezeit\" \/>\n\t<meta name=\"twitter:data2\" content=\"3\u00a0Minuten\" \/>\n<script type=\"application\/ld+json\" class=\"yoast-schema-graph\">{\"@context\":\"https:\\\/\\\/schema.org\",\"@graph\":[{\"@type\":\"Article\",\"@id\":\"https:\\\/\\\/schulcampus.altlandsberg.de\\\/index.php\\\/2026\\\/09\\\/01\\\/europatag-der-schulstationen-oder-red-ink-contest\\\/#article\",\"isPartOf\":{\"@id\":\"https:\\\/\\\/schulcampus.altlandsberg.de\\\/index.php\\\/2026\\\/09\\\/01\\\/europatag-der-schulstationen-oder-red-ink-contest\\\/\"},\"author\":{\"name\":\"Nannette Prinz\",\"@id\":\"https:\\\/\\\/schulcampus.altlandsberg.de\\\/#\\\/schema\\\/person\\\/20be3ffa8d9b97eec35deacb0329c520\"},\"headline\":\"Europatag der Schulstationen oder Red Ink Contest\",\"datePublished\":\"2026-09-01T12:58:16+00:00\",\"dateModified\":\"2026-09-01T12:58:47+00:00\",\"mainEntityOfPage\":{\"@id\":\"https:\\\/\\\/schulcampus.altlandsberg.de\\\/index.php\\\/2026\\\/09\\\/01\\\/europatag-der-schulstationen-oder-red-ink-contest\\\/\"},\"wordCount\":434,\"publisher\":{\"@id\":\"https:\\\/\\\/schulcampus.altlandsberg.de\\\/#organization\"},\"image\":{\"@id\":\"https:\\\/\\\/schulcampus.altlandsberg.de\\\/index.php\\\/2026\\\/09\\\/01\\\/europatag-der-schulstationen-oder-red-ink-contest\\\/#primaryimage\"},\"thumbnailUrl\":\"https:\\\/\\\/schulcampus.altlandsberg.de\\\/wp-content\\\/uploads\\\/2026\\\/09\\\/20260901_113312.jpg\",\"inLanguage\":\"de\"},{\"@type\":\"WebPage\",\"@id\":\"https:\\\/\\\/schulcampus.altlandsberg.de\\\/index.php\\\/2026\\\/09\\\/01\\\/europatag-der-schulstationen-oder-red-ink-contest\\\/\",\"url\":\"https:\\\/\\\/schulcampus.altlandsberg.de\\\/index.php\\\/2026\\\/09\\\/01\\\/europatag-der-schulstationen-oder-red-ink-contest\\\/\",\"name\":\"Europatag der Schulstationen oder Red Ink Contest - Schulcampus Altlandsberg\",\"isPartOf\":{\"@id\":\"https:\\\/\\\/schulcampus.altlandsberg.de\\\/#website\"},\"primaryImageOfPage\":{\"@id\":\"https:\\\/\\\/schulcampus.altlandsberg.de\\\/index.php\\\/2026\\\/09\\\/01\\\/europatag-der-schulstationen-oder-red-ink-contest\\\/#primaryimage\"},\"image\":{\"@id\":\"https:\\\/\\\/schulcampus.altlandsberg.de\\\/index.php\\\/2026\\\/09\\\/01\\\/europatag-der-schulstationen-oder-red-ink-contest\\\/#primaryimage\"},\"thumbnailUrl\":\"https:\\\/\\\/schulcampus.altlandsberg.de\\\/wp-content\\\/uploads\\\/2026\\\/09\\\/20260901_113312.jpg\",\"datePublished\":\"2026-09-01T12:58:16+00:00\",\"dateModified\":\"2026-09-01T12:58:47+00:00\",\"breadcrumb\":{\"@id\":\"https:\\\/\\\/schulcampus.altlandsberg.de\\\/index.php\\\/2026\\\/09\\\/01\\\/europatag-der-schulstationen-oder-red-ink-contest\\\/#breadcrumb\"},\"inLanguage\":\"de\",\"potentialAction\":[{\"@type\":\"ReadAction\",\"target\":[\"https:\\\/\\\/schulcampus.altlandsberg.de\\\/index.php\\\/2026\\\/09\\\/01\\\/europatag-der-schulstationen-oder-red-ink-contest\\\/\"]}]},{\"@type\":\"ImageObject\",\"inLanguage\":\"de\",\"@id\":\"https:\\\/\\\/schulcampus.altlandsberg.de\\\/index.php\\\/2026\\\/09\\\/01\\\/europatag-der-schulstationen-oder-red-ink-contest\\\/#primaryimage\",\"url\":\"https:\\\/\\\/schulcampus.altlandsberg.de\\\/wp-content\\\/uploads\\\/2026\\\/09\\\/20260901_113312.jpg\",\"contentUrl\":\"https:\\\/\\\/schulcampus.altlandsberg.de\\\/wp-content\\\/uploads\\\/2026\\\/09\\\/20260901_113312.jpg\",\"width\":1938,\"height\":1462},{\"@type\":\"BreadcrumbList\",\"@id\":\"https:\\\/\\\/schulcampus.altlandsberg.de\\\/index.php\\\/2026\\\/09\\\/01\\\/europatag-der-schulstationen-oder-red-ink-contest\\\/#breadcrumb\",\"itemListElement\":[{\"@type\":\"ListItem\",\"position\":1,\"name\":\"Startseite\",\"item\":\"https:\\\/\\\/schulcampus.altlandsberg.de\\\/\"},{\"@type\":\"ListItem\",\"position\":2,\"name\":\"Europatag der Schulstationen oder Red Ink Contest\"}]},{\"@type\":\"WebSite\",\"@id\":\"https:\\\/\\\/schulcampus.altlandsberg.de\\\/#website\",\"url\":\"https:\\\/\\\/schulcampus.altlandsberg.de\\\/\",\"name\":\"Schulcampus Altlandsberg\",\"description\":\"\",\"publisher\":{\"@id\":\"https:\\\/\\\/schulcampus.altlandsberg.de\\\/#organization\"},\"potentialAction\":[{\"@type\":\"SearchAction\",\"target\":{\"@type\":\"EntryPoint\",\"urlTemplate\":\"https:\\\/\\\/schulcampus.altlandsberg.de\\\/?s={search_term_string}\"},\"query-input\":{\"@type\":\"PropertyValueSpecification\",\"valueRequired\":true,\"valueName\":\"search_term_string\"}}],\"inLanguage\":\"de\"},{\"@type\":\"Organization\",\"@id\":\"https:\\\/\\\/schulcampus.altlandsberg.de\\\/#organization\",\"name\":\"Schulcampus Altlandsberg\",\"url\":\"https:\\\/\\\/schulcampus.altlandsberg.de\\\/\",\"logo\":{\"@type\":\"ImageObject\",\"inLanguage\":\"de\",\"@id\":\"https:\\\/\\\/schulcampus.altlandsberg.de\\\/#\\\/schema\\\/logo\\\/image\\\/\",\"url\":\"https:\\\/\\\/schulcampus.altlandsberg.de\\\/wp-content\\\/uploads\\\/2024\\\/06\\\/cropped-Logo-Schulcampus.png\",\"contentUrl\":\"https:\\\/\\\/schulcampus.altlandsberg.de\\\/wp-content\\\/uploads\\\/2024\\\/06\\\/cropped-Logo-Schulcampus.png\",\"width\":412,\"height\":82,\"caption\":\"Schulcampus Altlandsberg\"},\"image\":{\"@id\":\"https:\\\/\\\/schulcampus.altlandsberg.de\\\/#\\\/schema\\\/logo\\\/image\\\/\"}},{\"@type\":\"Person\",\"@id\":\"https:\\\/\\\/schulcampus.altlandsberg.de\\\/#\\\/schema\\\/person\\\/20be3ffa8d9b97eec35deacb0329c520\",\"name\":\"Nannette Prinz\",\"sameAs\":[\"https:\\\/\\\/www.werbung-prinz.de\"],\"url\":\"https:\\\/\\\/schulcampus.altlandsberg.de\\\/index.php\\\/author\\\/prinz_admin\\\/\"}]}<\/script>\n<!-- \/ Yoast SEO plugin. -->","yoast_head_json":{"title":"Europatag der Schulstationen oder Red Ink Contest - Schulcampus Altlandsberg","robots":{"index":"index","follow":"follow","max-snippet":"max-snippet:-1","max-image-preview":"max-image-preview:large","max-video-preview":"max-video-preview:-1"},"canonical":"https:\/\/schulcampus.altlandsberg.de\/index.php\/2026\/09\/01\/europatag-der-schulstationen-oder-red-ink-contest\/","og_locale":"de_DE","og_type":"article","og_title":"Europatag der Schulstationen oder Red Ink Contest - Schulcampus Altlandsberg","og_description":"Am 5.5.2026 war es soweit. Wir, die AG Amateurfunk des Schulcampus Altlandsberg, trafen uns im Funkraum, der sonst als Biologieraum fungiert, aber heute der AG exklusiv zur Verf\u00fcgung gestellt wurde. Unser Team der AG Chef S.Kunze, S. Vandrey ein Lehrer der Schule und 3 Sch\u00fclerinnen und Sch\u00fcler der 7. Klasse. Zuerst besprachen wir alle Besonderheiten ... Weiterlesen ...","og_url":"https:\/\/schulcampus.altlandsberg.de\/index.php\/2026\/09\/01\/europatag-der-schulstationen-oder-red-ink-contest\/","og_site_name":"Schulcampus Altlandsberg","article_published_time":"2026-09-01T12:58:16+00:00","article_modified_time":"2026-09-01T12:58:47+00:00","og_image":[{"width":1938,"height":1462,"url":"https:\/\/schulcampus.altlandsberg.de\/wp-content\/uploads\/2026\/09\/20260901_113312.jpg","type":"image\/jpeg"}],"author":"Nannette Prinz","twitter_card":"summary_large_image","twitter_misc":{"Verfasst von":"Nannette Prinz","Gesch\u00e4tzte Lesezeit":"3\u00a0Minuten"},"schema":{"@context":"https:\/\/schema.org","@graph":[{"@type":"Article","@id":"https:\/\/schulcampus.altlandsberg.de\/index.php\/2026\/09\/01\/europatag-der-schulstationen-oder-red-ink-contest\/#article","isPartOf":{"@id":"https:\/\/schulcampus.altlandsberg.de\/index.php\/2026\/09\/01\/europatag-der-schulstationen-oder-red-ink-contest\/"},"author":{"name":"Nannette Prinz","@id":"https:\/\/schulcampus.altlandsberg.de\/#\/schema\/person\/20be3ffa8d9b97eec35deacb0329c520"},"headline":"Europatag der Schulstationen oder Red Ink Contest","datePublished":"2026-09-01T12:58:16+00:00","dateModified":"2026-09-01T12:58:47+00:00","mainEntityOfPage":{"@id":"https:\/\/schulcampus.altlandsberg.de\/index.php\/2026\/09\/01\/europatag-der-schulstationen-oder-red-ink-contest\/"},"wordCount":434,"publisher":{"@id":"https:\/\/schulcampus.altlandsberg.de\/#organization"},"image":{"@id":"https:\/\/schulcampus.altlandsberg.de\/index.php\/2026\/09\/01\/europatag-der-schulstationen-oder-red-ink-contest\/#primaryimage"},"thumbnailUrl":"https:\/\/schulcampus.altlandsberg.de\/wp-content\/uploads\/2026\/09\/20260901_113312.jpg","inLanguage":"de"},{"@type":"WebPage","@id":"https:\/\/schulcampus.altlandsberg.de\/index.php\/2026\/09\/01\/europatag-der-schulstationen-oder-red-ink-contest\/","url":"https:\/\/schulcampus.altlandsberg.de\/index.php\/2026\/09\/01\/europatag-der-schulstationen-oder-red-ink-contest\/","name":"Europatag der Schulstationen oder Red Ink Contest - Schulcampus Altlandsberg","isPartOf":{"@id":"https:\/\/schulcampus.altlandsberg.de\/#website"},"primaryImageOfPage":{"@id":"https:\/\/schulcampus.altlandsberg.de\/index.php\/2026\/09\/01\/europatag-der-schulstationen-oder-red-ink-contest\/#primaryimage"},"image":{"@id":"https:\/\/schulcampus.altlandsberg.de\/index.php\/2026\/09\/01\/europatag-der-schulstationen-oder-red-ink-contest\/#primaryimage"},"thumbnailUrl":"https:\/\/schulcampus.altlandsberg.de\/wp-content\/uploads\/2026\/09\/20260901_113312.jpg","datePublished":"2026-09-01T12:58:16+00:00","dateModified":"2026-09-01T12:58:47+00:00","breadcrumb":{"@id":"https:\/\/schulcampus.altlandsberg.de\/index.php\/2026\/09\/01\/europatag-der-schulstationen-oder-red-ink-contest\/#breadcrumb"},"inLanguage":"de","potentialAction":[{"@type":"ReadAction","target":["https:\/\/schulcampus.altlandsberg.de\/index.php\/2026\/09\/01\/europatag-der-schulstationen-oder-red-ink-contest\/"]}]},{"@type":"ImageObject","inLanguage":"de","@id":"https:\/\/schulcampus.altlandsberg.de\/index.php\/2026\/09\/01\/europatag-der-schulstationen-oder-red-ink-contest\/#primaryimage","url":"https:\/\/schulcampus.altlandsberg.de\/wp-content\/uploads\/2026\/09\/20260901_113312.jpg","contentUrl":"https:\/\/schulcampus.altlandsberg.de\/wp-content\/uploads\/2026\/09\/20260901_113312.jpg","width":1938,"height":1462},{"@type":"BreadcrumbList","@id":"https:\/\/schulcampus.altlandsberg.de\/index.php\/2026\/09\/01\/europatag-der-schulstationen-oder-red-ink-contest\/#breadcrumb","itemListElement":[{"@type":"ListItem","position":1,"name":"Startseite","item":"https:\/\/schulcampus.altlandsberg.de\/"},{"@type":"ListItem","position":2,"name":"Europatag der Schulstationen oder Red Ink Contest"}]},{"@type":"WebSite","@id":"https:\/\/schulcampus.altlandsberg.de\/#website","url":"https:\/\/schulcampus.altlandsberg.de\/","name":"Schulcampus Altlandsberg","description":"","publisher":{"@id":"https:\/\/schulcampus.altlandsberg.de\/#organization"},"potentialAction":[{"@type":"SearchAction","target":{"@type":"EntryPoint","urlTemplate":"https:\/\/schulcampus.altlandsberg.de\/?s={search_term_string}"},"query-input":{"@type":"PropertyValueSpecification","valueRequired":true,"valueName":"search_term_string"}}],"inLanguage":"de"},{"@type":"Organization","@id":"https:\/\/schulcampus.altlandsberg.de\/#organization","name":"Schulcampus Altlandsberg","url":"https:\/\/schulcampus.altlandsberg.de\/","logo":{"@type":"ImageObject","inLanguage":"de","@id":"https:\/\/schulcampus.altlandsberg.de\/#\/schema\/logo\/image\/","url":"https:\/\/schulcampus.altlandsberg.de\/wp-content\/uploads\/2024\/06\/cropped-Logo-Schulcampus.png","contentUrl":"https:\/\/schulcampus.altlandsberg.de\/wp-content\/uploads\/2024\/06\/cropped-Logo-Schulcampus.png","width":412,"height":82,"caption":"Schulcampus Altlandsberg"},"image":{"@id":"https:\/\/schulcampus.altlandsberg.de\/#\/schema\/logo\/image\/"}},{"@type":"Person","@id":"https:\/\/schulcampus.altlandsberg.de\/#\/schema\/person\/20be3ffa8d9b97eec35deacb0329c520","name":"Nannette Prinz","sameAs":["https:\/\/www.werbung-prinz.de"],"url":"https:\/\/schulcampus.altlandsberg.de\/index.php\/author\/prinz_admin\/"}]}},"_links":{"self":[{"href":"https:\/\/schulcampus.altlandsberg.de\/index.php\/wp-json\/wp\/v2\/posts\/4822","targetHints":{"allow":["GET"]}}],"collection":[{"href":"https:\/\/schulcampus.altlandsberg.de\/index.php\/wp-json\/wp\/v2\/posts"}],"about":[{"href":"https:\/\/schulcampus.altlandsberg.de\/index.php\/wp-json\/wp\/v2\/types\/post"}],"author":[{"embeddable":true,"href":"https:\/\/schulcampus.altlandsberg.de\/index.php\/wp-json\/wp\/v2\/users\/2"}],"replies":[{"embeddable":true,"href":"https:\/\/schulcampus.altlandsberg.de\/index.php\/wp-json\/wp\/v2\/comments?post=4822"}],"version-history":[{"count":2,"href":"https:\/\/schulcampus.altlandsberg.de\/index.php\/wp-json\/wp\/v2\/posts\/4822\/revisions"}],"predecessor-version":[{"id":4825,"href":"https:\/\/schulcampus.altlandsberg.de\/index.php\/wp-json\/wp\/v2\/posts\/4822\/revisions\/4825"}],"wp:featuredmedia":[{"embeddable":true,"href":"https:\/\/schulcampus.altlandsberg.de\/index.php\/wp-json\/wp\/v2\/media\/4823"}],"wp:attachment":[{"href":"https:\/\/schulcampus.altlandsberg.de\/index.php\/wp-json\/wp\/v2\/media?parent=4822"}],"wp:term":[{"taxonomy":"category","embeddable":true,"href":"https:\/\/schulcampus.altlandsberg.de\/index.php\/wp-json\/wp\/v2\/categories?post=4822"},{"taxonomy":"post_tag","embeddable":true,"href":"https:\/\/schulcampus.altlandsberg.de\/index.php\/wp-json\/wp\/v2\/tags?post=4822"}],"curies":[{"name":"wp","href":"https:\/\/api.w.org\/{rel}","templated":true}]}}